{"id":4606,"date":"2020-09-21T21:57:21","date_gmt":"2020-09-21T18:57:21","guid":{"rendered":"https:\/\/zagazaga.ro\/?p=4606"},"modified":"2020-10-07T20:17:55","modified_gmt":"2020-10-07T17:17:55","slug":"sarbatoarea-mustului-25-septembrie-2020","status":"publish","type":"post","link":"https:\/\/zagazaga.ro\/en\/sarbatoarea-mustului-25-septembrie-2020\/","title":{"rendered":"S\u0103rb\u0103toarea Mustului | 25 septembrie 2020"},"content":{"rendered":"\n<blockquote class=\"wp-block-quote has-text-align-right is-layout-flow wp-block-quote-is-layout-flow\"><p><strong>Mi-e dor de mustul t\u0103m\u00e2ios, nectar din soare adunat,<\/strong><br class=\"uk-visible@s\"> <strong>De strugurele credincios ce vara-ntreag\u0103 s-a bronzat!<\/strong><\/p><cite>&nbsp;<strong>Ioana Voicil\u0103 Dobre<\/strong><\/cite><\/blockquote>\n\n\n\n<p>Primele frunze au \u00eenceput deja s\u0103 \u00ee\u0219i schimbe culoarea, serile au devenit mai r\u0103coroase \u0219i ne l\u0103s\u0103m constant surprin\u0219i de roadele pe care toamna ni le ofer\u0103 \u00een dar. \u00cen aceast\u0103 perioad\u0103, ne ocup\u0103m cu spor de culesul vi\u021bei de vie la <strong>Zaga Zaga<\/strong> pentru a putea s\u0103 s\u0103rb\u0103torim cum se cuvine la final de s\u0103pt\u0103m\u00e2n\u0103.<\/p>\n\n\n\n<p><strong>Vineri, 25 septembrie 2020<\/strong>, v\u0103 invit\u0103m s\u0103 ne bucur\u0103m \u00eempreun\u0103 de <strong>S\u0103rb\u0103toarea Mustului<\/strong> \u00een <strong><a href=\"https:\/\/zagazaga.ro\/glamping\/\" class=\"rank-math-link\">zona de glamping Vama<\/a><\/strong> de la <strong>Zaga Zaga<\/strong>. Vom stoarce strugurii la teasc \u0219i \u00eei vom transforma \u00een must dulce \u0219i gustos. Atmosfera va fi completat\u0103 de muzic\u0103 folk live, bucate alese, foc de tab\u0103r\u0103 \u0219i open bar.<\/p>\n\n\n\n<p>Petrecerea va \u00eencepe la ora <strong>17:00<\/strong> (p\u00e2n\u0103 la<strong> 22:00<\/strong>) \u0219i include:<\/p>\n\n\n\n<ul class=\"wp-block-list\"><li>Must proasp\u0103t stors<\/li><li>Muzic\u0103 folk live<\/li><li>Cin\u0103 festiv\u0103<\/li><li>Open bar<\/li><li>Foc de tab\u0103r\u0103<\/li><\/ul>\n\n\n\n<p><strong>MENIU<\/strong>: <\/p>\n\n\n\n<ul class=\"wp-block-list\"><li>Berbecu\u021b\u00a0la pro\u021bap<\/li><li>Pastram\u0103\u00a0de oaie\u00a0<\/li><li>C\u00e2rn\u0103ciori de oaie\u00a0<\/li><li>Piept de pui<\/li><li>M\u0103m\u0103ligu\u021b\u0103 pe plit\u0103<\/li><li>Cartofi pe plit\u0103<\/li><li>Crem\u0103 de usturoi<\/li><li>Mur\u0103turi asortate<\/li><\/ul>\n\n\n\n<p><strong>OPEN BAR:<\/strong> MUST, Vin alb &amp; ros\u00e9, Coca-Cola, Fanta, Sprite, Nectar de livad\u0103, Ceai cald etc. <\/p>\n\n\n\n<hr class=\"wp-block-separator\"\/>\n\n\n\n<h3 class=\"wp-block-heading\">Tarif:&nbsp;<strong>25 euro\/persoan\u0103<\/strong>&nbsp;<\/h3>\n\n\n\n<p>*<strong>Gratuit<\/strong> pentru copiii cu v\u00e2rsta de p\u00e2n\u0103 \u00een 14 ani.<br>**Accesul se face doar cu rezervare \u0219i pe baz\u0103 de br\u0103\u021bar\u0103 de acces.<\/p>\n\n\n\n<hr class=\"wp-block-separator\"\/>\n\n\n\n<p>Confirm\u0103rile se fac p\u00e2n\u0103 cel t\u00e2rziu <strong>joi, 24 septembrie, ora 21:00<\/strong>. <\/p>\n\n\n\n<p>Informa\u021bii \u0219i rezerv\u0103ri: <strong>Recep\u021bia Zaga Zaga<\/strong> sau <strong>telefonic 0786574809<\/strong>.<\/p>\n\n\n\n<hr class=\"wp-block-separator\"\/>\n\n\n\n<p><strong>V\u0103 a\u0219tept\u0103m cu mare drag!&nbsp;<\/strong><\/p>\n\n\n\n<div style=\"height:20px\" aria-hidden=\"true\" class=\"wp-block-spacer\"><\/div>\n\n\n\n<figure class=\"wp-block-image size-full\"><img loading=\"lazy\" decoding=\"async\" width=\"1620\" height=\"2560\" src=\"https:\/\/zagazaga.ro\/wp-content\/uploads\/Sarbatoarea-Mustului-25.09-scaled.jpg\" alt=\"S\u0103rb\u0103toarea Mustului 2020 la Zaga Zaga\" class=\"wp-image-4662\" srcset=\"https:\/\/zagazaga.ro\/wp-content\/uploads\/Sarbatoarea-Mustului-25.09-scaled.jpg 1620w, https:\/\/zagazaga.ro\/wp-content\/uploads\/Sarbatoarea-Mustului-25.09-190x300.jpg 190w, https:\/\/zagazaga.ro\/wp-content\/uploads\/Sarbatoarea-Mustului-25.09-648x1024.jpg 648w, https:\/\/zagazaga.ro\/wp-content\/uploads\/Sarbatoarea-Mustului-25.09-768x1213.jpg 768w, https:\/\/zagazaga.ro\/wp-content\/uploads\/Sarbatoarea-Mustului-25.09-972x1536.jpg 972w, https:\/\/zagazaga.ro\/wp-content\/uploads\/Sarbatoarea-Mustului-25.09-1296x2048.jpg 1296w\" sizes=\"auto, (max-width: 1620px) 100vw, 1620px\" \/><\/figure>\n\n\n\n<div style=\"height:20px\" aria-hidden=\"true\" class=\"wp-block-spacer\"><\/div>\n","protected":false},"excerpt":{"rendered":"<p>S\u0103 ne bucur\u0103m \u00eempreun\u0103 de S\u0103rb\u0103toarea Mustului cu muzic\u0103 live, foc de tab\u0103r\u0103, cin\u0103 festiv\u0103, open bar \u0219i must proasp\u0103t stors.<\/p>\n","protected":false},"author":1,"featured_media":4616,"comment_status":"closed","ping_status":"open","sticky":false,"template":"","format":"video","meta":{"footnotes":""},"categories":[17],"tags":[],"class_list":["post-4606","post","type-post","status-publish","format-video","has-post-thumbnail","hentry","category-evenimente","post_format-post-format-video"],"_links":{"self":[{"href":"https:\/\/zagazaga.ro\/en\/wp-json\/wp\/v2\/posts\/4606","targetHints":{"allow":["GET"]}}],"collection":[{"href":"https:\/\/zagazaga.ro\/en\/wp-json\/wp\/v2\/posts"}],"about":[{"href":"https:\/\/zagazaga.ro\/en\/wp-json\/wp\/v2\/types\/post"}],"author":[{"embeddable":true,"href":"https:\/\/zagazaga.ro\/en\/wp-json\/wp\/v2\/users\/1"}],"replies":[{"embeddable":true,"href":"https:\/\/zagazaga.ro\/en\/wp-json\/wp\/v2\/comments?post=4606"}],"version-history":[{"count":0,"href":"https:\/\/zagazaga.ro\/en\/wp-json\/wp\/v2\/posts\/4606\/revisions"}],"wp:featuredmedia":[{"embeddable":true,"href":"https:\/\/zagazaga.ro\/en\/wp-json\/wp\/v2\/media\/4616"}],"wp:attachment":[{"href":"https:\/\/zagazaga.ro\/en\/wp-json\/wp\/v2\/media?parent=4606"}],"wp:term":[{"taxonomy":"category","embeddable":true,"href":"https:\/\/zagazaga.ro\/en\/wp-json\/wp\/v2\/categories?post=4606"},{"taxonomy":"post_tag","embeddable":true,"href":"https:\/\/zagazaga.ro\/en\/wp-json\/wp\/v2\/tags?post=4606"}],"curies":[{"name":"wp","href":"https:\/\/api.w.org\/{rel}","templated":true}]}}